{"id":9939,"date":"2026-04-30T13:10:32","date_gmt":"2026-04-30T13:10:32","guid":{"rendered":"https:\/\/www.ics.gob.cu\/?p=9939"},"modified":"2026-04-30T13:10:34","modified_gmt":"2026-04-30T13:10:34","slug":"comunicacion-periodismo-educacion-y-verdad-frente-a-coberturas-de-desastres","status":"publish","type":"post","link":"https:\/\/www.ics.gob.cu\/en\/comunicacion-periodismo-educacion-y-verdad-frente-a-coberturas-de-desastres\/","title":{"rendered":"Comunicaci\u00f3n, periodismo, educaci\u00f3n y verdad frente a coberturas de desastres."},"content":{"rendered":"<div class=\"pdfprnt-buttons pdfprnt-buttons-post pdfprnt-top-right\"><a href=\"https:\/\/www.ics.gob.cu\/en\/wp-json\/wp\/v2\/posts\/9939?print=print\" class=\"pdfprnt-button pdfprnt-button-print\" target=\"_blank\" ><img decoding=\"async\" src=\"https:\/\/www.ics.gob.cu\/wp-content\/plugins\/pdf-print\/images\/print.png\" alt=\"image_print\" title=\"Print Content\" \/><\/a><\/div>\n<p>Por: Dra Cs. Ana Teresa Bad\u00eda<\/p>\n\n\n\n<p>Por estos d\u00edas, en la sede de la Organizaci\u00f3n de las Naciones Unidas para la Educaci\u00f3n, la Ciencia y la Cultura (UNESCO) en La Habana, periodistas, comunicadores y realizadores nos encontramos para debatir sobre los desaf\u00edos de informar en medio de los desastres.<\/p>\n\n\n\n<p><img loading=\"lazy\" decoding=\"async\" height=\"16\" width=\"16\" alt=\"\ud83d\udd34\" src=\"https:\/\/static.xx.fbcdn.net\/images\/emoji.php\/v9\/t6e\/1\/16\/1f534.png\"> El intercambio dej\u00f3 claro que verificar, monitorear y usar tecnolog\u00eda responsable son pilares de la comunicaci\u00f3n que protege a las comunidades.<\/p>\n\n\n\n<p><img loading=\"lazy\" decoding=\"async\" height=\"16\" width=\"16\" src=\"https:\/\/static.xx.fbcdn.net\/images\/emoji.php\/v9\/t6e\/1\/16\/1f534.png\" alt=\"\ud83d\udd34\"> Pero tambi\u00e9n se subray\u00f3 algo esencial: la importancia de las historias de vida y el rostro humano de la informaci\u00f3n. Porque detr\u00e1s de cada cifra hay personas, familias y comunidades que necesitan ser escuchadas y acompa\u00f1adas.<\/p>\n\n\n\n<p><img loading=\"lazy\" decoding=\"async\" height=\"16\" width=\"16\" alt=\"\ud83d\udc49\" src=\"https:\/\/static.xx.fbcdn.net\/images\/emoji.php\/v9\/t51\/1\/16\/1f449.png\"> En tiempos de crisis, la verdad no solo orienta: puede salvar vidas, dar esperanza y fortalecer la resiliencia colectiva.<\/p>\n\n\n\n<p><img loading=\"lazy\" decoding=\"async\" height=\"16\" width=\"16\" alt=\"\ud83d\udd34\" src=\"https:\/\/static.xx.fbcdn.net\/images\/emoji.php\/v9\/t6e\/1\/16\/1f534.png\"> La directora regional de la UNESCO para Cuba, Rep\u00fablica Dominicana, Venezuela y Hait\u00ed, Anne Lemaistre, record\u00f3 los trabajos de recuperaci\u00f3n tras el paso del hurac\u00e1n Melissa, que toc\u00f3 tierra el 29 de octubre de 2025. La UNESCO impuls\u00f3, entre otras iniciativas, la recuperaci\u00f3n educativa en el oriente de Cuba con la Ruta \u201cReconstruir la Esperanza\u201d, una intervenci\u00f3n integral que combin\u00f3: apoyo socioemocional a estudiantes y familias; fortalecimiento de capacidades docentes; y proyectos educativos encabezados por j\u00f3venes para restablecer el aprendizaje y la resiliencia comunitaria.<\/p>\n\n\n\n<p><img loading=\"lazy\" decoding=\"async\" height=\"16\" width=\"16\" alt=\"\ud83d\udd34\" src=\"https:\/\/static.xx.fbcdn.net\/images\/emoji.php\/v9\/t6e\/1\/16\/1f534.png\"> En la actualidad, se\u00f1al\u00f3 Lemaistre, hay nuevos planes que se enfocan en enfrentar el bloqueo energ\u00e9tico contra Cuba. Cada d\u00eda es m\u00e1s necesaria la informaci\u00f3n veraz y contrarrestar las noticias falsas se plantea hoy como una tarea esencial, concluy\u00f3.<\/p>\n\n\n\n<p><img loading=\"lazy\" decoding=\"async\" height=\"16\" width=\"16\" src=\"https:\/\/static.xx.fbcdn.net\/images\/emoji.php\/v9\/t39\/1\/16\/1f4e2.png\" alt=\"\ud83d\udce2\"> En ese camino, la oficial de comunicaci\u00f3n de la oficina regional de la UNESCO, Elena N\u00e1poles Rodr\u00edguez, destac\u00f3 la alianza con el Instituto de Informaci\u00f3n y Comunicaci\u00f3n Social (ICS) para realizaci\u00f3n de talleres que han de contribuir al fortalecimiento de capacidades para identificar y verificar lo que se publica durante los desastres.<\/p>\n\n\n\n<p> Seg\u00fan la vicepresidenta del Instituto, Belkis P\u00e9rez Cruz, la meta es que las coberturas period\u00edsticas alcancen mayor calidad y que las ense\u00f1anzas obtenidas fortalezcan tanto la preparaci\u00f3n de los ciudadanos como la labor de los medios de comunicaci\u00f3n.<\/p>\n\n\n\n<figure class=\"wp-block-image size-large\"><img loading=\"lazy\" decoding=\"async\" width=\"1024\" height=\"659\" src=\"https:\/\/www.ics.gob.cu\/wp-content\/uploads\/2026\/04\/682536159_27767304472858011_609433796602136552_n-1024x659.jpg\" alt=\"\" class=\"wp-image-9941\" srcset=\"https:\/\/www.ics.gob.cu\/wp-content\/uploads\/2026\/04\/682536159_27767304472858011_609433796602136552_n-1024x659.jpg 1024w, https:\/\/www.ics.gob.cu\/wp-content\/uploads\/2026\/04\/682536159_27767304472858011_609433796602136552_n-300x193.jpg 300w, https:\/\/www.ics.gob.cu\/wp-content\/uploads\/2026\/04\/682536159_27767304472858011_609433796602136552_n-768x494.jpg 768w, https:\/\/www.ics.gob.cu\/wp-content\/uploads\/2026\/04\/682536159_27767304472858011_609433796602136552_n-18x12.jpg 18w, https:\/\/www.ics.gob.cu\/wp-content\/uploads\/2026\/04\/682536159_27767304472858011_609433796602136552_n.jpg 1080w\" sizes=\"auto, (max-width: 1024px) 100vw, 1024px\" \/><\/figure>\n\n\n\n<p><img loading=\"lazy\" decoding=\"async\" height=\"16\" width=\"16\" alt=\"\ud83d\udd0e\" src=\"https:\/\/static.xx.fbcdn.net\/images\/emoji.php\/v9\/t42\/1\/16\/1f50e.png\"> Conclusiones de las jornadas (28 y 29 de abril):<\/p>\n\n\n\n<p>Paola Tejeda (El Mitin, Rep\u00fablica Dominicana): Fact-checking en emergencias<\/p>\n\n\n\n<p>Ricardo Encarnaci\u00f3n (El Mitin, Rep\u00fablica Dominicana): Escucha social contra la desinformaci\u00f3n<\/p>\n\n\n\n<p>Carolina Pichardo (El Mitin, Rep\u00fablica Dominicana): IA en redacciones para cubrir desastres<\/p>\n\n\n\n<p>Iramis Alonso (Juventud T\u00e9cnica, Cuba): Implementaci\u00f3n de un nuevo mecanismo de verificaci\u00f3n.<\/p>\n\n\n\n<p><img loading=\"lazy\" decoding=\"async\" height=\"16\" width=\"16\" alt=\"\ud83d\udd34\" src=\"https:\/\/static.xx.fbcdn.net\/images\/emoji.php\/v9\/t6e\/1\/16\/1f534.png\"> Con estas jornadas en la sede de la UNESCO en La Habana, se confirma que el periodismo y la comunicaci\u00f3n acompa\u00f1an, protegen y dan voz al rostro humano de cada historia.<\/p>\n\n\n\n<figure class=\"wp-block-image size-large\"><img loading=\"lazy\" decoding=\"async\" width=\"944\" height=\"1024\" src=\"https:\/\/www.ics.gob.cu\/wp-content\/uploads\/2026\/04\/685816920_27767305209524604_325395739860874320_n-944x1024.jpg\" alt=\"\" class=\"wp-image-9942\" srcset=\"https:\/\/www.ics.gob.cu\/wp-content\/uploads\/2026\/04\/685816920_27767305209524604_325395739860874320_n-944x1024.jpg 944w, https:\/\/www.ics.gob.cu\/wp-content\/uploads\/2026\/04\/685816920_27767305209524604_325395739860874320_n-277x300.jpg 277w, https:\/\/www.ics.gob.cu\/wp-content\/uploads\/2026\/04\/685816920_27767305209524604_325395739860874320_n-768x833.jpg 768w, https:\/\/www.ics.gob.cu\/wp-content\/uploads\/2026\/04\/685816920_27767305209524604_325395739860874320_n-11x12.jpg 11w, https:\/\/www.ics.gob.cu\/wp-content\/uploads\/2026\/04\/685816920_27767305209524604_325395739860874320_n.jpg 996w\" sizes=\"auto, (max-width: 944px) 100vw, 944px\" \/><\/figure>\n<div class=\"pld-like-dislike-wrap pld-template-1\">\r\n    <div class=\"pld-like-wrap  pld-common-wrap\">\r\n    <a href=\"javascript:void(0)\" class=\"pld-like-trigger pld-like-dislike-trigger\" title=\"\" data-post-id=\"9939\" data-trigger-type=\"like\" data-restriction=\"cookie\" data-already-liked=\"0\">\r\n                        <i class=\"fas fa-thumbs-up\"><\/i>\r\n                <\/a>\r\n    <span class=\"pld-like-count-wrap pld-count-wrap\">0    <\/span>\r\n<\/div><div class=\"pld-dislike-wrap  pld-common-wrap\">\r\n    <a href=\"javascript:void(0)\" class=\"pld-dislike-trigger pld-like-dislike-trigger\" title=\"\" data-post-id=\"9939\" data-trigger-type=\"dislike\" data-restriction=\"cookie\" data-already-liked=\"0\">\r\n                        <i class=\"fas fa-thumbs-down\"><\/i>\r\n                <\/a>\r\n    <span class=\"pld-dislike-count-wrap pld-count-wrap\">0<\/span>\r\n<\/div><\/div>","protected":false},"excerpt":{"rendered":"<p>Por: Dra Cs. Ana Teresa Bad\u00eda Por estos d\u00edas, en la sede de la Organizaci\u00f3n de las Naciones Unidas para la Educaci\u00f3n, la Ciencia y la Cultura (UNESCO) en La Habana, periodistas, comunicadores y realizadores nos encontramos para debatir sobre los desaf\u00edos de informar en medio de los desastres. El intercambio dej\u00f3 claro que verificar, [&hellip;]<\/p>\n","protected":false},"author":7,"featured_media":9940,"comment_status":"open","ping_status":"closed","sticky":false,"template":"","format":"standard","meta":{"_bbp_topic_count":0,"_bbp_reply_count":0,"_bbp_total_topic_count":0,"_bbp_total_reply_count":0,"_bbp_voice_count":0,"_bbp_anonymous_reply_count":0,"_bbp_topic_count_hidden":0,"_bbp_reply_count_hidden":0,"_bbp_forum_subforum_count":0,"_glsr_average":0,"_glsr_ranking":0,"_glsr_reviews":0,"footnotes":""},"categories":[1],"tags":[],"class_list":["post-9939","post","type-post","status-publish","format-standard","has-post-thumbnail","hentry","category-uncategorized"],"acf":[],"_links":{"self":[{"href":"https:\/\/www.ics.gob.cu\/en\/wp-json\/wp\/v2\/posts\/9939","targetHints":{"allow":["GET"]}}],"collection":[{"href":"https:\/\/www.ics.gob.cu\/en\/wp-json\/wp\/v2\/posts"}],"about":[{"href":"https:\/\/www.ics.gob.cu\/en\/wp-json\/wp\/v2\/types\/post"}],"author":[{"embeddable":true,"href":"https:\/\/www.ics.gob.cu\/en\/wp-json\/wp\/v2\/users\/7"}],"replies":[{"embeddable":true,"href":"https:\/\/www.ics.gob.cu\/en\/wp-json\/wp\/v2\/comments?post=9939"}],"version-history":[{"count":2,"href":"https:\/\/www.ics.gob.cu\/en\/wp-json\/wp\/v2\/posts\/9939\/revisions"}],"predecessor-version":[{"id":9944,"href":"https:\/\/www.ics.gob.cu\/en\/wp-json\/wp\/v2\/posts\/9939\/revisions\/9944"}],"wp:featuredmedia":[{"embeddable":true,"href":"https:\/\/www.ics.gob.cu\/en\/wp-json\/wp\/v2\/media\/9940"}],"wp:attachment":[{"href":"https:\/\/www.ics.gob.cu\/en\/wp-json\/wp\/v2\/media?parent=9939"}],"wp:term":[{"taxonomy":"category","embeddable":true,"href":"https:\/\/www.ics.gob.cu\/en\/wp-json\/wp\/v2\/categories?post=9939"},{"taxonomy":"post_tag","embeddable":true,"href":"https:\/\/www.ics.gob.cu\/en\/wp-json\/wp\/v2\/tags?post=9939"}],"curies":[{"name":"wp","href":"https:\/\/api.w.org\/{rel}","templated":true}]}}