{"id":9946,"date":"2026-04-30T18:14:04","date_gmt":"2026-04-30T18:14:04","guid":{"rendered":"https:\/\/www.ics.gob.cu\/?p=9946"},"modified":"2026-04-30T18:15:48","modified_gmt":"2026-04-30T18:15:48","slug":"reconocimientos-a-la-entrega-la-profesionaliddad-el-compromiso-con-la-patria","status":"publish","type":"post","link":"https:\/\/www.ics.gob.cu\/en\/reconocimientos-a-la-entrega-la-profesionaliddad-el-compromiso-con-la-patria\/","title":{"rendered":"Reconocimientos a la entrega, la profesionalidad, el compromiso con la Patria"},"content":{"rendered":"<div class=\"pdfprnt-buttons pdfprnt-buttons-post pdfprnt-top-right\"><a href=\"https:\/\/www.ics.gob.cu\/en\/wp-json\/wp\/v2\/posts\/9946?print=print\" class=\"pdfprnt-button pdfprnt-button-print\" target=\"_blank\" ><img decoding=\"async\" src=\"https:\/\/www.ics.gob.cu\/wp-content\/plugins\/pdf-print\/images\/print.png\" alt=\"image_print\" title=\"Print Content\" \/><\/a><\/div>\n<p>El Presidente del <a href=\"https:\/\/www.facebook.com\/profile.php?id=61558056156590&amp;__cft__[0]=AZZd_m2smrYPrr6rkFy54LjiEGGdS6DOeV1j5FUGRv0wzRUavv5UqA98D9ph5XeZlYO-TRczz2WPwgSaBECXqW6TTGsU6sXGFRmOYjDt3lxCkKgOFushZ0GIbzuxJlbuV9N46YF2vfB1it944zMOZthmOAbKQIhu0D6pl1DXZS0n7Kx5Jj9CEgYK7DIkR5_9XA3N4lVQhp003zTkJeEMz-rU&amp;__tn__=-]K-R\">ICS Cuba<\/a> Alfonso Noya Martinez felicit\u00f3 en la noche de este mi\u00e9rcoles a todos los condecorados en esa jornada con el t\u00edtulo Honorifico de H\u00e9roes y Hero\u00ednas del Trabajo, con la Distinci\u00f3n L\u00e1zaro Pe\u00f1a y\/o la Medalla Jes\u00fas Men\u00e9ndez.<\/p>\n\n\n\n<p>En su cuenta en la red social X, Noya Martinez dijo que \u00abson ejemplo cotidiano de que, desde las m\u00e1s diversas trincheras, <a href=\"https:\/\/www.facebook.com\/hashtag\/lapatriasedefiende?__cft__[0]=AZZd_m2smrYPrr6rkFy54LjiEGGdS6DOeV1j5FUGRv0wzRUavv5UqA98D9ph5XeZlYO-TRczz2WPwgSaBECXqW6TTGsU6sXGFRmOYjDt3lxCkKgOFushZ0GIbzuxJlbuV9N46YF2vfB1it944zMOZthmOAbKQIhu0D6pl1DXZS0n7Kx5Jj9CEgYK7DIkR5_9XA3N4lVQhp003zTkJeEMz-rU&amp;__tn__=*NK-R\">#LaPatriaSeDefiende<\/a>\u00ab.<\/p>\n\n\n\n<blockquote class=\"twitter-tweet\"><p lang=\"es\" dir=\"ltr\">Felicitaciones y eterno agradecimiento a los condecorados en esta jornada con el t\u00edtulo Honorifico de H\u00e9roes y Hero\u00ednas del Trabajo, con la Distinci\u00f3n L\u00e1zaro Pe\u00f1a y\/o la Medalla Jes\u00fas Men\u00e9ndez. Son ejemplo cotidiano de que, desde las m\u00e1s diversas trincheras, <a href=\"https:\/\/twitter.com\/hashtag\/LaPatriaSeDefiende?src=hash&amp;ref_src=twsrc%5Etfw\">#LaPatriaSeDefiende<\/a> <a href=\"https:\/\/t.co\/17f316NDDH\">pic.twitter.com\/17f316NDDH<\/a><\/p>&mdash; Alfonso Noya Mart\u00ednez\ud83c\udde8\ud83c\uddfa (@alfonso_noya) <a href=\"https:\/\/twitter.com\/alfonso_noya\/status\/2049674934390050997?ref_src=twsrc%5Etfw\">April 30, 2026<\/a><\/blockquote> <script async src=\"https:\/\/platform.twitter.com\/widgets.js\" charset=\"utf-8\"><\/script>\n\n\n\n<p>Asimismo, hizo extensiva su felicitaci\u00f3n y de manera especial a consagrados profesionales que han dedicado su vida a los medios de comunicaci\u00f3n social en <a href=\"https:\/\/www.facebook.com\/hashtag\/cuba?__cft__[0]=AZZd_m2smrYPrr6rkFy54LjiEGGdS6DOeV1j5FUGRv0wzRUavv5UqA98D9ph5XeZlYO-TRczz2WPwgSaBECXqW6TTGsU6sXGFRmOYjDt3lxCkKgOFushZ0GIbzuxJlbuV9N46YF2vfB1it944zMOZthmOAbKQIhu0D6pl1DXZS0n7Kx5Jj9CEgYK7DIkR5_9XA3N4lVQhp003zTkJeEMz-rU&amp;__tn__=*NK-R\">#Cuba<\/a>.<\/p>\n\n\n\n<p>\u00abLa historia de la Radio y la TV cubanas no podr\u00e1 escribirse si no se dedica un lugar cimero a resaltar las trayectorias, las ense\u00f1anzas y la entrega absoluta de \u00abEl Loquillo\u00bb y de Danilo Sirio. Su profesionalidad y fidelidad a la Patria son indiscutibles\u00bb, dijo.<\/p>\n\n\n\n<blockquote class=\"twitter-tweet\"><p lang=\"es\" dir=\"ltr\">La historia de la Radio y la TV cubanas no podr\u00e1 escribirse si no se dedica un lugar cimero a resaltar las trayectorias, las ense\u00f1anzas y la entrega absoluta de &quot;El Loquillo&quot; y de Danilo Sirio. Su profesionalidad y fidelidad a la Patria son indiscutibles. <br>\ud83d\udc90 Felicidades \ud83c\udde8\ud83c\uddfa <a href=\"https:\/\/t.co\/mzHkwWIhtv\">pic.twitter.com\/mzHkwWIhtv<\/a><\/p>&mdash; Alfonso Noya Mart\u00ednez\ud83c\udde8\ud83c\uddfa (@alfonso_noya) <a href=\"https:\/\/twitter.com\/alfonso_noya\/status\/2049676451679436945?ref_src=twsrc%5Etfw\">April 30, 2026<\/a><\/blockquote> <script async src=\"https:\/\/platform.twitter.com\/widgets.js\" charset=\"utf-8\"><\/script>\n\n\n\n<p>En otro tuit, agreg\u00f3: \u00abFelicidades tambi\u00e9n y un gran abrazo para Pepe Mej\u00edas, como cari\u00f1osamente le nombran sus compa\u00f1eros, amigos y el pueblo que lo admira y respeta. A pocas horas de la celebraci\u00f3n del <a href=\"https:\/\/www.facebook.com\/hashtag\/1mayo?__cft__[0]=AZZd_m2smrYPrr6rkFy54LjiEGGdS6DOeV1j5FUGRv0wzRUavv5UqA98D9ph5XeZlYO-TRczz2WPwgSaBECXqW6TTGsU6sXGFRmOYjDt3lxCkKgOFushZ0GIbzuxJlbuV9N46YF2vfB1it944zMOZthmOAbKQIhu0D6pl1DXZS0n7Kx5Jj9CEgYK7DIkR5_9XA3N4lVQhp003zTkJeEMz-rU&amp;__tn__=*NK-R\">#1Mayo<\/a> recibir la medalla \u00abJes\u00fas Men\u00e9ndez\u00bb es un reconocimiento a su profesionalidad y cubania\u00bb.<\/p>\n\n\n\n<p>Desde todo el colectivo del ICS nos sumamos a las felicitaciones a todos y todas, en especial a los que sn parte de nuestro colectivo, profesionales queridos, respetados y ejemplos para las m\u00e1s j\u00f3venes generaciones. <\/p>\n\n\n\n<p><\/p>\n<div class=\"pld-like-dislike-wrap pld-template-1\">\r\n    <div class=\"pld-like-wrap  pld-common-wrap\">\r\n    <a href=\"javascript:void(0)\" class=\"pld-like-trigger pld-like-dislike-trigger  \" title=\"\" data-post-id=\"9946\" data-trigger-type=\"like\" data-restriction=\"cookie\" data-already-liked=\"0\">\r\n                        <i class=\"fas fa-thumbs-up\"><\/i>\r\n                <\/a>\r\n    <span class=\"pld-like-count-wrap pld-count-wrap\">0    <\/span>\r\n<\/div><div class=\"pld-dislike-wrap  pld-common-wrap\">\r\n    <a href=\"javascript:void(0)\" class=\"pld-dislike-trigger pld-like-dislike-trigger  \" title=\"\" data-post-id=\"9946\" data-trigger-type=\"dislike\" data-restriction=\"cookie\" data-already-liked=\"0\">\r\n                        <i class=\"fas fa-thumbs-down\"><\/i>\r\n                <\/a>\r\n    <span class=\"pld-dislike-count-wrap pld-count-wrap\">0<\/span>\r\n<\/div><\/div>","protected":false},"excerpt":{"rendered":"<p>El Presidente del ICS Cuba Alfonso Noya Martinez felicit\u00f3 en la noche de este mi\u00e9rcoles a todos los condecorados en esa jornada con el t\u00edtulo Honorifico de H\u00e9roes y Hero\u00ednas del Trabajo, con la Distinci\u00f3n L\u00e1zaro Pe\u00f1a y\/o la Medalla Jes\u00fas Men\u00e9ndez. En su cuenta en la red social X, Noya Martinez dijo que \u00abson [&hellip;]<\/p>\n","protected":false},"author":8,"featured_media":9947,"comment_status":"open","ping_status":"closed","sticky":false,"template":"","format":"standard","meta":{"_bbp_topic_count":0,"_bbp_reply_count":0,"_bbp_total_topic_count":0,"_bbp_total_reply_count":0,"_bbp_voice_count":0,"_bbp_anonymous_reply_count":0,"_bbp_topic_count_hidden":0,"_bbp_reply_count_hidden":0,"_bbp_forum_subforum_count":0,"_glsr_average":0,"_glsr_ranking":0,"_glsr_reviews":0,"footnotes":""},"categories":[1],"tags":[],"class_list":["post-9946","post","type-post","status-publish","format-standard","has-post-thumbnail","hentry","category-uncategorized"],"acf":[],"_links":{"self":[{"href":"https:\/\/www.ics.gob.cu\/en\/wp-json\/wp\/v2\/posts\/9946","targetHints":{"allow":["GET"]}}],"collection":[{"href":"https:\/\/www.ics.gob.cu\/en\/wp-json\/wp\/v2\/posts"}],"about":[{"href":"https:\/\/www.ics.gob.cu\/en\/wp-json\/wp\/v2\/types\/post"}],"author":[{"embeddable":true,"href":"https:\/\/www.ics.gob.cu\/en\/wp-json\/wp\/v2\/users\/8"}],"replies":[{"embeddable":true,"href":"https:\/\/www.ics.gob.cu\/en\/wp-json\/wp\/v2\/comments?post=9946"}],"version-history":[{"count":4,"href":"https:\/\/www.ics.gob.cu\/en\/wp-json\/wp\/v2\/posts\/9946\/revisions"}],"predecessor-version":[{"id":9952,"href":"https:\/\/www.ics.gob.cu\/en\/wp-json\/wp\/v2\/posts\/9946\/revisions\/9952"}],"wp:featuredmedia":[{"embeddable":true,"href":"https:\/\/www.ics.gob.cu\/en\/wp-json\/wp\/v2\/media\/9947"}],"wp:attachment":[{"href":"https:\/\/www.ics.gob.cu\/en\/wp-json\/wp\/v2\/media?parent=9946"}],"wp:term":[{"taxonomy":"category","embeddable":true,"href":"https:\/\/www.ics.gob.cu\/en\/wp-json\/wp\/v2\/categories?post=9946"},{"taxonomy":"post_tag","embeddable":true,"href":"https:\/\/www.ics.gob.cu\/en\/wp-json\/wp\/v2\/tags?post=9946"}],"curies":[{"name":"wp","href":"https:\/\/api.w.org\/{rel}","templated":true}]}}