{"id":103,"count":2,"description":"","link":"https:\/\/www.ics.gob.cu\/en\/tag\/reunion-de-ministros-de-informacion-y-comunicacion\/","name":"Reuni\u00f3n de Ministros de Informaci\u00f3n y Comunicaci\u00f3n","slug":"reunion-de-ministros-de-informacion-y-comunicacion","taxonomy":"post_tag","meta":[],"_links":{"self":[{"href":"https:\/\/www.ics.gob.cu\/en\/wp-json\/wp\/v2\/tags\/103","targetHints":{"allow":["GET"]}}],"collection":[{"href":"https:\/\/www.ics.gob.cu\/en\/wp-json\/wp\/v2\/tags"}],"about":[{"href":"https:\/\/www.ics.gob.cu\/en\/wp-json\/wp\/v2\/taxonomies\/post_tag"}],"wp:post_type":[{"href":"https:\/\/www.ics.gob.cu\/en\/wp-json\/wp\/v2\/posts?tags=103"},{"href":"https:\/\/www.ics.gob.cu\/en\/wp-json\/wp\/v2\/programa_des_local?tags=103"}],"curies":[{"name":"wp","href":"https:\/\/api.w.org\/{rel}","templated":true}]}}